{"id":473,"date":"2014-07-27T00:47:47","date_gmt":"2014-07-26T22:47:47","guid":{"rendered":"http:\/\/tierhilfe-alf.de\/ALF\/?p=473"},"modified":"2014-07-27T00:53:53","modified_gmt":"2014-07-26T22:53:53","slug":"pastor-mallorquin-ca-de-bestiar","status":"publish","type":"post","link":"http:\/\/tierhilfe-alf.de\/ALF\/?p=473","title":{"rendered":"Pastor Mallorqu\u00edn (Ca de Bestiar)"},"content":{"rendered":"<p><strong>Informationen Pastor Mallorqu\u00edn (Ca de Bestiar)<\/strong><\/p>\n<p>&nbsp;<\/p>\n<p><strong>Herkunft und Geschichtliches<\/strong><\/p>\n<p>Der Ca de Bestiar (w\u00f6rtlich \u00fcbersetzt \u201eViehhund\u201c, deutsche Rassebezeichnung: Mallorca-Sch\u00e4ferhund) ist der Hund der Geh\u00f6fte und Herden der Balearen. Die Herkunft der Rasse wird sich wohl nie kl\u00e4ren lassen. Bedingt durch die Insellage bildete sich wohl auch durch importierte Herdengebrauchshunde ein Hundetyp heraus, mit breiter Variationabreitebreite, halt so wie er gebraucht wurde. Der Hund der Rinderhirten war so gr\u00f6\u00dfer, kr\u00e4ftiger, als der Hund der Schaf- und Zigenhirten, der wendiger, kleiner sein mussten, um auch den Ziegen nachsteigen zu k\u00f6nnen. Noch bis in die Drei\u00dfiger Jahre des Zwanzigsten Jahrhundert war er weit verbreitet und wegen der Wachsamkeit und Zuverl\u00e4ssigkeit beliebt. Der Niedergang begann mit der Francodiktatur. Nach dem Zweiten Weltkrieg wurde zudem kontinentaleurop\u00e4ischen Rassen mit gekreuzt. Das Bild wandelte sich und der urspr\u00fcngliche Rassetyp lief in Gefahr zu verschwinden. Erst 1967 wurde man sich dessen bewu\u00dft. Ein Liebhaber des Ca de Bestiar, Alonso Guasp, machte sich daran, die Rasse zu retten und gr\u00fcndete 1970 den \u201eClub del Perro de Pastor Mallorqu\u00edn\u201c. 1975 wurde der erste Rassestandard festgelegt. Auf einer Hundeausstellung wurde er das erste mal 1980 gesehen. Relativ schnell, 1982, erfolgte mit der Anerkennung durch die FCI die Bekanntgabe des ersten offizielle Standards. Hans R\u00e4ber erw\u00e4hnt in Enzycolp\u00e4die der Hunderassen das nur 100 Hunde ins Zuchtbuch eingetragen sind, viel zu wenig f\u00fcr einen dauerhaften Bestand; der langhaarige Typ sei vielleicht schon ausgestorben. [1]<\/p>\n<p>&nbsp;<\/p>\n<p><strong>Beschreibung [Bearbeiten]<\/strong><\/p>\n<p>Gro\u00dfer, bis 73 cm und 40kg schwerer Hirten- und Wachhund. Das Haar ist kurz, anliegend, auf dem R\u00fccken etwa 1,5 bis 3 cm lang, mit sehr feiner, auf der Haut anliegender, d\u00fcnner Unterwolle. Bei der langhaarigen Variet\u00e4t kann das Haar auf dem R\u00fccken leicht gewellt sein und je nach Jahreszeit etwas mehr als 7 cm L\u00e4nge erreichen; die Unterwolle ist gut verteilt und nicht dick, schwarz in unterschiedlichen T\u00f6nungen. Die Ohren stehen leicht geknickt seitlich ab, sind vergleichsweise klein, dreieckig, dick und hoch angesetzt. Die Farbe des Fells beschreibt die FCI folgenderma\u00dfen: Die einzig zul\u00e4ssige Farbe ist Schwarz in seinen T\u00f6nungen Jett-, Normal- und Pechschwarz. Weiss ist nur auf der Brust zul\u00e4ssig, als d\u00fcnne Krawatte unter dem Hals und an den Vorder- und Hinterpfoten (&#8230;). R\u00e4ber erw\u00e4hnt zus\u00e4tzlich noch eine dunkle Stromung<\/p>\n<p>Diese leidenschaftlich mutige und unabh\u00e4ngige Rasse sieht ziemlich derb aus, weil sie nie auf Sch\u00f6nheit gez\u00fcchtet wurde. Sie ist unkompliziert, urt\u00fcmlich und selbstlos, geistig und k\u00f6rperlich gesund. Es ist zwar ungew\u00f6hnlich, dass ein schwarzer Hund Hitze gut vertr\u00e4gt, aber diese Rasse h\u00e4lt auch hohe Temperaturen aus &#8211; deswegen wurden einige Tiere nach S\u00fcdamerika exportiert, wo sie zum Schutz von privaten Anwesen eingesetzt werden. Weil der Ca de Bestiar imstande ist, in gro\u00dfer Hitze zu arbeiten und sich bei kaltem Wetter ein dickes Fell zuzulegen, ist er auch ein guter Kandidat f\u00fcr die Kojotenbek\u00e4mpfung auf nordamerikanischen Schaffarmen. Im menschlichen Umgang ist er kein unproblematischer Hund, oft unleidlich gegen Fremde und\/oder gegen andere Hunde, seiner eigenen Menschen-Familie aber treu ergeben; starker Schutztrieb.<\/p>\n","protected":false},"excerpt":{"rendered":"<p>Informationen Pastor Mallorqu\u00edn (Ca de Bestiar) &nbsp; Herkunft und Geschichtliches Der Ca de Bestiar (w\u00f6rtlich \u00fcbersetzt \u201eViehhund\u201c, deutsche Rassebezeichnung: Mallorca-Sch\u00e4ferhund) ist der Hund der Geh\u00f6fte und Herden der Balearen. Die Herkunft der Rasse wird sich wohl nie kl\u00e4ren lassen. Bedingt durch die Insellage bildete sich wohl auch durch importierte Herdengebrauchshunde ein Hundetyp heraus, mit breiter &hellip; <a href=\"http:\/\/tierhilfe-alf.de\/ALF\/?p=473\" class=\"more-link\"><span class=\"screen-reader-text\">Pastor Mallorqu\u00edn (Ca de Bestiar)<\/span> weiterlesen <span class=\"meta-nav\">&rarr;<\/span><\/a><\/p>\n","protected":false},"author":2,"featured_media":0,"comment_status":"closed","ping_status":"open","sticky":false,"template":"","format":"standard","meta":{"footnotes":""},"categories":[52],"tags":[],"_links":{"self":[{"href":"http:\/\/tierhilfe-alf.de\/ALF\/index.php?rest_route=\/wp\/v2\/posts\/473"}],"collection":[{"href":"http:\/\/tierhilfe-alf.de\/ALF\/index.php?rest_route=\/wp\/v2\/posts"}],"about":[{"href":"http:\/\/tierhilfe-alf.de\/ALF\/index.php?rest_route=\/wp\/v2\/types\/post"}],"author":[{"embeddable":true,"href":"http:\/\/tierhilfe-alf.de\/ALF\/index.php?rest_route=\/wp\/v2\/users\/2"}],"replies":[{"embeddable":true,"href":"http:\/\/tierhilfe-alf.de\/ALF\/index.php?rest_route=%2Fwp%2Fv2%2Fcomments&post=473"}],"version-history":[{"count":1,"href":"http:\/\/tierhilfe-alf.de\/ALF\/index.php?rest_route=\/wp\/v2\/posts\/473\/revisions"}],"predecessor-version":[{"id":474,"href":"http:\/\/tierhilfe-alf.de\/ALF\/index.php?rest_route=\/wp\/v2\/posts\/473\/revisions\/474"}],"wp:attachment":[{"href":"http:\/\/tierhilfe-alf.de\/ALF\/index.php?rest_route=%2Fwp%2Fv2%2Fmedia&parent=473"}],"wp:term":[{"taxonomy":"category","embeddable":true,"href":"http:\/\/tierhilfe-alf.de\/ALF\/index.php?rest_route=%2Fwp%2Fv2%2Fcategories&post=473"},{"taxonomy":"post_tag","embeddable":true,"href":"http:\/\/tierhilfe-alf.de\/ALF\/index.php?rest_route=%2Fwp%2Fv2%2Ftags&post=473"}],"curies":[{"name":"wp","href":"https:\/\/api.w.org\/{rel}","templated":true}]}}